{"id":312,"date":"2014-01-09T09:59:29","date_gmt":"2014-01-09T08:59:29","guid":{"rendered":"http:\/\/assqua.univ-annaba.dz\/?p=312"},"modified":"2014-01-13T09:22:49","modified_gmt":"2014-01-13T08:22:49","slug":"bilan-caq","status":"publish","type":"post","link":"https:\/\/assqua.univ-annaba.dz\/?p=312","title":{"rendered":"Bilan CAQ 2012-2013"},"content":{"rendered":"<p align=\"center\"><b>Bilan CA<\/b> <b>QU de l\u2019ann\u00e9e universitaire<\/b><\/p>\n<p><b>\u00a0<\/b>La cellule assurance qualit\u00e9 de l\u2019universit\u00e9 a \u00e9t\u00e9 cr\u00e9\u00e9e le 14 Mai 2012. Elle est constitu\u00e9e des membres suivants\u00a0:<\/p>\n<ul>\n<li>\u00a0Mme Nacer Boubenider(Facut\u00e9 des Lettres, Sciences humaines et sociales)\u00a0: membre<\/li>\n<li>\u00a0Mme Naima Hamlaoui (Facut\u00e9 des Lettres, Sciences humaines et sociales)\u00a0: membre<\/li>\n<li>\u00a0Mme Samah Djeddi (facult\u00e9 des Sciences): membre<\/li>\n<li>\u00a0Mme Dalila Hammor ( facult\u00e9 des Sciences de la Terre)\u00a0: membre<\/li>\n<li>\u00a0Mr. Abderrahmane Lahreche (Facult\u00e9 de droit): membre<\/li>\n<li>\u00a0Mr. Mohamed Tahar Kimour (Facult\u00e9 des Sciences de l\u2019Ing\u00e9niorat): membre<\/li>\n<li>\u00a0Mr. El-Hadi Boukalkoul (Facult\u00e9 des Sciences Economiques et de Gestion): membre<\/li>\n<li>\u00a0Mr.\u00a0 Issam Frigaa\u00a0 (Facult\u00e9 des Sciences m\u00e9dicales): membre<\/li>\n<li>\u00a0Mr. Rabia Khelif\u00a0: Pr\u00e9sident<\/li>\n<\/ul>\n<ol>\n<li><b>A.\u00a0\u00a0\u00a0 <\/b><b>R\u00e9unions de la CAQU<\/b><\/li>\n<\/ol>\n<p>Des r\u00e9unions ont eu lieu selon un calendrier pr\u00e9\u00e9tabli.<\/p>\n<ul>\n<li>R\u00e9union une\u00a0: 21 Mai 2012<\/li>\n<li>R\u00e9union deux\u00a0: 04 Juin 2012<\/li>\n<li>R\u00e9union trois\u00a0: 01 Juillet 2012<\/li>\n<li>R\u00e9union quatre\u00a0: 12 Septembre 2012&#8230;. <a href=\"https:\/\/assqua.univ-annaba.dz\/wp-content\/uploads\/2014\/01\/PV-de-r\u00e9union-12-Sept.docx\">lire le PV de r\u00e9union<\/a><\/li>\n<li>R\u00e9union cinq\u00a0: 09 D\u00e9cembre 2012<\/li>\n<li>R\u00e9union six\u00a0: 13 D\u00e9cembre 2012&#8230;. <a href=\"https:\/\/assqua.univ-annaba.dz\/wp-content\/uploads\/2014\/01\/PV-R\u00e9union-cellule-qualit\u00e9-13-D\u00e9c-2012.docx\">lire le PV de r\u00e9union<\/a><\/li>\n<li>R\u00e9union sept\u00a0: 02 Janvier 2013<\/li>\n<li>R\u00e9union huit\u00a0: 13 F\u00e9vrier 2013&#8230;. <a href=\"https:\/\/assqua.univ-annaba.dz\/wp-content\/uploads\/2014\/01\/PV-R\u00e9union-13-2-2013.docx\">lire le PV de r\u00e9union<\/a><\/li>\n<li>R\u00e9union neuf: 26 F\u00e9vrier 2013&#8230;. <a href=\"https:\/\/assqua.univ-annaba.dz\/wp-content\/uploads\/2014\/01\/PV-R\u00e9union-26-2-2013.docx\">lire le PV de r\u00e9union<\/a><\/li>\n<li>R\u00e9union dix: 06 Mars 2013&#8230;.<a href=\"https:\/\/assqua.univ-annaba.dz\/wp-content\/uploads\/2014\/01\/PV-R\u00e9union-6-3-2013.docx\"> lire le PV de r\u00e9union<\/a><\/li>\n<li>R\u00e9union onze: 14 Avril 2013&#8230;. <a href=\"https:\/\/assqua.univ-annaba.dz\/wp-content\/uploads\/2014\/01\/PV-R\u00e9union-14-4-2013.docx\">lire le PV de r\u00e9union<\/a><\/li>\n<li>R\u00e9union douez\u00a0: 04 Mai 2013<\/li>\n<li>R\u00e9union treize\u00a0: 03 juillet 2013<\/li>\n<li>R\u00e9union quatorze\u00a0: 08 septembre 2013&#8230;. <a href=\"https:\/\/assqua.univ-annaba.dz\/wp-content\/uploads\/2014\/01\/PV-r\u00e9union-AQ-du-08-septembre-2013.docx\">lire le PV de r\u00e9union<\/a><\/li>\n<li>R\u00e9union quinze\u00a0: 04 novembre 2013&#8230;. <a href=\"https:\/\/assqua.univ-annaba.dz\/wp-content\/uploads\/2014\/01\/PV-de-la-r\u00e9union-du-4-11-2013.docx\">lire le PV de r\u00e9union<\/a><\/li>\n<\/ul>\n<p><b>\u00a01. <\/b><b>B.\u00a0\u00a0\u00a0\u00a0 <\/b><b>Participation du RAQ aux formations sur l\u2019assurance qualit\u00e9\u00a0(CIAQES de l\u2019Est)<\/b><\/p>\n<p>Le RAQ a assist\u00e9 \u00e0 toutes les formations programm\u00e9es par la CIAQES (Cellule d\u2019impl\u00e9mentation de l\u2019assurance qualit\u00e9 dans l\u2019enseignement sup\u00e9rieur).<\/p>\n<ul>\n<li>Formation une\u00a0: Introduction \u00e0 la qualit\u00e9\/ Outils de la Qualit\u00e9, (3j), Constantine<\/li>\n<li>Formation deux\u00a0: La qualit\u00e9 de service, (3j), Taref<\/li>\n<li>Formation trois\u00a0: S\u00e9tif<\/li>\n<li>Formation quatre\u00a0: Assurance Qualit\u00e9 Interne, (3j), \u00a0Oum El- Bouaghi<\/li>\n<li>Formation cinq\u00a0: Impl\u00e9mentation de l\u2019assurance qualit\u00e9, (3), T\u00e9bessa<\/li>\n<li>Formation six\u00a0: Les comp\u00e9tences suppl\u00e9mentaires, (3j), Skikda<\/li>\n<li>Formation sept\u00a0: d\u00e9veloppement des trois nouveaux domaines du r\u00e9f\u00e9rentiel qualit\u00e9 national.(2j), M\u2019Sila<\/li>\n<\/ul>\n<ol>\n<li><b>C.\u00a0\u00a0\u00a0 <\/b><b>R\u00e8glement int\u00e9rieur<\/b><\/li>\n<\/ol>\n<p>Un r\u00e8glement int\u00e9rieur r\u00e9dig\u00e9 par un juriste a \u00e9t\u00e9 approuv\u00e9 et rentr\u00e9 en vigueur.<\/p>\n<ol>\n<li><b>D.\u00a0\u00a0\u00a0 <\/b><b>Formation des Nouveaux Enseignants 2012-2013.<\/b>\n<ol>\n<li><b>1.\u00a0\u00a0\u00a0\u00a0\u00a0 <\/b><b>Programme dispens\u00e9 \u00e0 la promotion 2012\/2013<\/b><\/li>\n<\/ol>\n<\/li>\n<\/ol>\n<table style=\"width: 564px;\" border=\"1\" cellspacing=\"0\" cellpadding=\"0\">\n<tbody>\n<tr>\n<td valign=\"top\" width=\"80\"><b>Journ\u00e9e<\/b><\/td>\n<td valign=\"top\" width=\"210\"><b>Intitul\u00e9<\/b><\/td>\n<td valign=\"top\" width=\"113\"><b>Date et heure<\/b><\/td>\n<td valign=\"top\" width=\"104\"><b>Enseignant<\/b><\/td>\n<td valign=\"top\" width=\"57\"><b>Dur\u00e9e<\/b><\/td>\n<\/tr>\n<tr>\n<td rowspan=\"2\" valign=\"top\" width=\"80\">Mardi 19 F\u00e9vrier 2013<\/td>\n<td valign=\"top\" width=\"210\">\n<ol>\n<li>Objectifs\/ Missions et R\u00f4les de l\u2019enseignant du sup\u00e9rieur du 21eme si\u00e8cle<\/li>\n<\/ol>\n<p>&nbsp;<\/p>\n<ol>\n<li>Le statut de l\u2019enseignant<\/li>\n<\/ol>\n<\/td>\n<td valign=\"top\" width=\"113\">09h- 10h10h15-11h45<\/td>\n<td valign=\"top\" width=\"104\">Mr. BouguettaMr Hamidi<\/td>\n<td valign=\"top\" width=\"57\">01h01h30<\/td>\n<\/tr>\n<tr>\n<td valign=\"top\" width=\"210\">\n<ol>\n<li>\u00a0Approches et pratiques p\u00e9dagogiques<\/li>\n<\/ol>\n<p>&nbsp;<\/p>\n<p>&nbsp;<\/td>\n<td valign=\"top\" width=\"113\">13h30 -16h00<\/td>\n<td valign=\"top\" width=\"104\">Mme Boubenider,Mme Nouar<\/td>\n<td valign=\"top\" width=\"57\">02h30<\/td>\n<\/tr>\n<tr>\n<td valign=\"top\" width=\"80\">Mercredi 20 F\u00e9vrier 2013<\/td>\n<td valign=\"top\" width=\"210\">\n<ol>\n<li>Communication et classes<\/li>\n<\/ol>\n<p>&nbsp;<\/p>\n<ol>\n<li>Gestion de la classe<\/li>\n<\/ol>\n<\/td>\n<td valign=\"top\" width=\"113\">09h -12h13h30-16h30<\/td>\n<td valign=\"top\" width=\"104\">Mme Boubenider,Mme NouarMme Kadi<\/td>\n<td valign=\"top\" width=\"57\">03h03h<\/td>\n<\/tr>\n<tr>\n<td valign=\"top\" width=\"80\">Jeudi 21 F\u00e9vrier 2013<\/td>\n<td valign=\"top\" width=\"210\">\n<ol>\n<li>Utilisation des technologies de l\u2019information et de la communication dans l\u2019enseignement<\/li>\n<li>L\u2019assurance Qualit\u00e9<\/li>\n<\/ol>\n<p>*Evaluation de la premi\u00e8re session<\/td>\n<td valign=\"top\" width=\"113\">09h-11h11h-12h 30<\/td>\n<td valign=\"top\" width=\"104\">Mr. H. CheghibMr. Khelif<\/td>\n<td valign=\"top\" width=\"57\">02h01h<\/td>\n<\/tr>\n<tr>\n<td valign=\"top\" width=\"80\">Mardi 19 Mars 2013<\/td>\n<td valign=\"top\" width=\"210\">\n<ol>\n<li>(i) Cours magistral \/ TD\/TP\u00a0: comment r\u00e9ussir l\u2019\u00e9quipe p\u00e9dagogique<\/li>\n<\/ol>\n<p>&nbsp;<\/p>\n<ol>\n<li>\u00a0Ateliers Gestion des classes<\/li>\n<\/ol>\n<\/td>\n<td valign=\"top\" width=\"113\">09h-12h13h30- 17h30<\/td>\n<td valign=\"top\" width=\"104\">Mr. Hamidi, Mme Hocine, Mr. Haouam et Mr. KhelifMmes Kadi, Khebbeb, Mm Azzouz, Abid<\/td>\n<td valign=\"top\" width=\"57\">03h04h<\/td>\n<\/tr>\n<tr>\n<td valign=\"top\" width=\"80\">Mercredi 20 Mars2013<\/td>\n<td valign=\"top\" width=\"210\">\n<ol>\n<li>Confection des curricula\u00a0: Introduction \u00e0 l\u2019\u00e9laboration d\u2019une s\u00e9quence<\/li>\n<\/ol>\n<p>&nbsp;<\/p>\n<p>&nbsp;<\/td>\n<td valign=\"top\" width=\"113\">8h30h- 12h3014h00- 16h00<\/td>\n<td valign=\"top\" width=\"104\">Mme Hamlaoui, \u00a0Mr. Kimour<\/td>\n<td valign=\"top\" width=\"57\">04h02h<\/td>\n<\/tr>\n<tr>\n<td valign=\"top\" width=\"80\">Jeudi 21 Mars 2013<\/td>\n<td valign=\"top\" width=\"210\">\n<ol>\n<li>La relation Enseignants- Enseign\u00e9s\u00a0: le mod\u00e8le Rog\u00e9rien<\/li>\n<li>L\u2019avantage de savoir \u00e9couter<\/li>\n<\/ol>\n<\/td>\n<td valign=\"top\" width=\"113\">09h-12H13h30-16h30<\/td>\n<td valign=\"top\" width=\"104\">(i)Mme Khebbeb(ii)Mr. Khelif<\/td>\n<td valign=\"top\" width=\"57\">02h15h01h30<\/td>\n<\/tr>\n<tr>\n<td valign=\"top\" width=\"80\">Mardi 16 Avril 2013<\/td>\n<td valign=\"top\" width=\"210\">\n<ol>\n<li>Le LMD<\/li>\n<\/ol>\n<\/td>\n<td valign=\"top\" width=\"113\">9h-12H14h-16h<\/td>\n<td valign=\"top\" width=\"104\">Mr Rahal<\/td>\n<td valign=\"top\" width=\"57\">05h<\/td>\n<\/tr>\n<tr>\n<td valign=\"top\" width=\"80\">Mercredi 17 Avril 2013<\/td>\n<td valign=\"top\" width=\"210\">\n<ol>\n<li>\u00a0L\u2019\u00e9valuation de l\u2019enseignant et de l\u2019enseign\u00e9<\/li>\n<\/ol>\n<\/td>\n<td valign=\"top\" width=\"113\">09h-12h13h30- 17h30<\/td>\n<td valign=\"top\" width=\"104\">Mr Djemil,Mr. Kimour et Mme Hamlaoui<\/td>\n<td valign=\"top\" width=\"57\">07h<\/td>\n<\/tr>\n<tr>\n<td valign=\"top\" width=\"80\">Jeudi 18 Avril 2013<\/td>\n<td valign=\"top\" width=\"210\">\n<ol>\n<li>\u00a0Accompagnement des \u00e9tudiants<\/li>\n<\/ol>\n<\/td>\n<td valign=\"top\" width=\"113\">09h-12h13h30- 16h<\/td>\n<td valign=\"top\" width=\"104\">MM. Djelali et Djeghaba<\/td>\n<td valign=\"top\" width=\"57\">05h30<\/td>\n<\/tr>\n<\/tbody>\n<\/table>\n<ol>\n<li><b>2.\u00a0\u00a0\u00a0\u00a0\u00a0 <\/b><b>Etude du Programme \u00a0existant (nouveaux enseignants) pour 2013\/2014<\/b><\/li>\n<\/ol>\n<p>Suite aux recommandations de Mr. Le Recteur,\u00a0 une r\u00e9union de travail de 04h s\u2019est tenue le 04 Avril 2013, pour am\u00e9liorer le programme r\u00e9alis\u00e9. Ont particip\u00e9 \u00e0 la r\u00e9union\u00a0: Mr. Bougueta, Mr. Djilali et Mr. Khelif.<\/p>\n<p><b>2.1.<\/b><b>0bjectifs g\u00e9n\u00e9raux de la formation\u00a0<\/b><\/p>\n<p><b>\u00a0<\/b>Appr\u00e9hender le r\u00f4le et les missions de l\u2019enseignant du 21eme si\u00e8cle\u00a0;<\/p>\n<ol>\n<li>Montrer l\u2019importance de l\u2019assurance qualit\u00e9 dans l\u2019enseignement sup\u00e9rieur et la recherche scientifique\u00a0;<\/li>\n<li>\u00a0Etre capable de formuler des offres de formation pertinentes en termes de contenus et de m\u00e9thodes\u00a0;<\/li>\n<li>Savoir manager une classe\u00a0;<\/li>\n<li>Ma\u00eetriser l\u2019utilisation des technologies de l\u2019information et de la communication dans l\u2019enseignement.<\/li>\n<\/ol>\n<p>2.2.<b> Programme<\/b><\/p>\n<table border=\"1\" cellspacing=\"0\" cellpadding=\"0\">\n<tbody>\n<tr>\n<td colspan=\"3\" valign=\"top\" width=\"619\"><b>Session I\u00a0: Cadre g\u00e9n\u00e9ral de la formation<\/b><\/td>\n<\/tr>\n<tr>\n<td valign=\"top\" width=\"422\"><b>Th\u00e8mes<\/b><\/td>\n<td valign=\"top\" width=\"123\"><b>Format<\/b><\/td>\n<td valign=\"top\" width=\"74\"><b>Dur\u00e9e<\/b><\/td>\n<\/tr>\n<tr>\n<td valign=\"top\" width=\"422\">\n<ol start=\"1\">\n<li>Missions et r\u00f4les de l\u2019enseignant du 21eme si\u00e8cle<\/li>\n<\/ol>\n<\/td>\n<td valign=\"top\" width=\"123\">Conf\u00e9rences<\/td>\n<td rowspan=\"3\" valign=\"top\" width=\"74\">\u00a0\u00a0 15h<\/td>\n<\/tr>\n<tr>\n<td valign=\"top\" width=\"422\">\n<ol start=\"2\">\n<li>Le LMD\u00a0: &#8211; Philosophie et Architecture<\/li>\n<\/ol>\n<p>&#8211;\u00a0\u00a0\u00a0\u00a0\u00a0\u00a0\u00a0\u00a0\u00a0 Aspects r\u00e8glementaires et organisationnels (Gouvernance de l\u2019universit\u00e9)<\/p>\n<ul>\n<li>Statut de l\u2019universit\u00e9 et missions<\/li>\n<li>Statut de l\u2019enseignant<\/li>\n<li>Organigramme de l\u2019universit\u00e9<\/li>\n<\/ul>\n<\/td>\n<td valign=\"top\" width=\"123\">Conf\u00e9rences<\/td>\n<\/tr>\n<tr>\n<td valign=\"top\" width=\"422\">\n<ol start=\"3\">\n<li>L\u2019assurance qualit\u00e9 dans l\u2019enseignement sup\u00e9rieur et la recherche scientifique<\/li>\n<\/ol>\n<\/td>\n<td valign=\"top\" width=\"123\">Conf\u00e9rences<\/td>\n<\/tr>\n<tr>\n<td colspan=\"3\" valign=\"top\" width=\"619\"><b>Session II\u00a0: Ing\u00e9nierie de la formation et Ing\u00e9nierie p\u00e9dagogique<\/b><\/td>\n<\/tr>\n<tr>\n<td valign=\"top\" width=\"422\"><b>Th\u00e8mes<\/b><\/td>\n<td valign=\"top\" width=\"123\"><b>Format<\/b><\/td>\n<td valign=\"top\" width=\"74\"><b>Dur\u00e9e<\/b><\/td>\n<\/tr>\n<tr>\n<td valign=\"top\" width=\"422\">\n<ol start=\"1\">\n<li>Architecture d\u2019une offre de formation Licence- Master (Confection de syllabus)<\/li>\n<\/ol>\n<\/td>\n<td valign=\"top\" width=\"123\">Conf\u00e9rences, travaux de groupe, ateliers)<\/td>\n<td rowspan=\"3\" valign=\"top\" width=\"74\">15h<\/td>\n<\/tr>\n<tr>\n<td valign=\"top\" width=\"422\">\n<ol start=\"2\">\n<li>Approches et pratiques p\u00e9dagogiques<\/li>\n<\/ol>\n<ul>\n<li>Approche par objectif<\/li>\n<li>Approche par projet<\/li>\n<li>Approche par comp\u00e9tence<\/li>\n<li>Approche par probl\u00e8me<\/li>\n<\/ul>\n<\/td>\n<td valign=\"top\" width=\"123\">Conf\u00e9rencesAteliers<\/td>\n<\/tr>\n<tr>\n<td valign=\"top\" width=\"422\">\n<ol start=\"3\">\n<li>La r\u00e9ussite de l\u2019\u00e9quipe p\u00e9dagogique (Cours\/TD\/TP)<\/li>\n<\/ol>\n<\/td>\n<td valign=\"top\" width=\"123\">Conf\u00e9rences, ateliers, travaux de groupe<\/td>\n<\/tr>\n<tr>\n<td colspan=\"3\" valign=\"top\" width=\"619\"><b>Session III\u00a0: Communication et enseignement<\/b><\/td>\n<\/tr>\n<tr>\n<td valign=\"top\" width=\"422\"><b>Th\u00e8mes<\/b><\/td>\n<td valign=\"top\" width=\"123\"><b>Format<\/b><\/td>\n<td valign=\"top\" width=\"74\"><b>Dur\u00e9e<\/b><\/td>\n<\/tr>\n<tr>\n<td valign=\"top\" width=\"422\">\n<ol>\n<li>Concepts de base de la communication p\u00e9dagogique<\/li>\n<\/ol>\n<ul>\n<li>Les mythes de la communication<\/li>\n<li>Communication interpersonnelle (Repr\u00e9sentations, attitudes,\u2026.etc)<\/li>\n<li>Obstacles \u00e0 la communication p\u00e9dagogique<\/li>\n<\/ul>\n<\/td>\n<td valign=\"top\" width=\"123\">Conf\u00e9rences<\/td>\n<td rowspan=\"3\" valign=\"top\" width=\"74\">15h<\/td>\n<\/tr>\n<tr>\n<td valign=\"top\" width=\"422\">\n<ol>\n<li>Gestion des classes<\/li>\n<\/ol>\n<ul>\n<li>Mod\u00e8le de l\u2019enseignant manager<\/li>\n<li>Mod\u00e8le de l\u2019enseignant chef d\u2019orchestre<\/li>\n<li>Mod\u00e8le de l\u2019enseignant facilitateur)\u2026etc<\/li>\n<\/ul>\n<\/td>\n<td valign=\"top\" width=\"123\">Conf\u00e9rences, Ateliers<\/td>\n<\/tr>\n<tr>\n<td valign=\"top\" width=\"422\">\n<ol>\n<li>Relation enseignant\/ Enseign\u00e9<\/li>\n<\/ol>\n<p>&nbsp;<\/td>\n<td valign=\"top\" width=\"123\">Conf\u00e9rences<\/td>\n<\/tr>\n<tr>\n<td colspan=\"3\" valign=\"top\" width=\"619\"><b>Session IV\u00a0: Utilisation des technologies de l\u2019information et de la communication dans l\u2019enseignement<\/b><\/td>\n<\/tr>\n<tr>\n<td valign=\"top\" width=\"422\"><b>Th\u00e8mes<\/b><\/td>\n<td valign=\"top\" width=\"123\"><b>Format<\/b><\/td>\n<td valign=\"top\" width=\"74\"><b>Dur\u00e9e<\/b><\/td>\n<\/tr>\n<tr>\n<td valign=\"top\" width=\"422\">\n<ol>\n<li>Plateforme d\u2019enseignement \u00e0 distance<\/li>\n<\/ol>\n<\/td>\n<td valign=\"top\" width=\"123\">Conf\u00e9rences<\/td>\n<td rowspan=\"5\" valign=\"top\" width=\"74\">15h<\/td>\n<\/tr>\n<tr>\n<td valign=\"top\" width=\"422\">\n<ol>\n<li>Constituants d\u2019un cours en ligne<\/li>\n<\/ol>\n<\/td>\n<td valign=\"top\" width=\"123\">Conf\u00e9rences<\/td>\n<\/tr>\n<tr>\n<td valign=\"top\" width=\"422\">\n<ol>\n<li>Technologies \u00e9ducatives \u00ab\u00a0Conception, d\u00e9veloppement et utilisation de cours en ligne<\/li>\n<\/ol>\n<p>&nbsp;<\/td>\n<td valign=\"top\" width=\"123\">Ateliers<\/td>\n<\/tr>\n<tr>\n<td valign=\"top\" width=\"422\">\n<ol>\n<li>Technologies \u00e9ducatives \u00ab\u00a0Tutorat dans une formation ouverte et \u00e0 distance.\u00bb<\/li>\n<\/ol>\n<p>&nbsp;<\/td>\n<td valign=\"top\" width=\"123\">Ateliers<\/td>\n<\/tr>\n<tr>\n<td valign=\"top\" width=\"422\">\n<ol>\n<li>Formation \u00e0 distance<\/li>\n<\/ol>\n<\/td>\n<td valign=\"top\" width=\"123\">Ateliers<\/td>\n<\/tr>\n<tr>\n<td colspan=\"3\" valign=\"top\" width=\"619\"><b>Session V\u00a0: Accompagnement de l\u2019\u00e9tudiant<\/b><\/td>\n<\/tr>\n<tr>\n<td valign=\"top\" width=\"422\"><b>Th\u00e8mes<\/b><\/td>\n<td valign=\"top\" width=\"123\"><b>Format<\/b><\/td>\n<td valign=\"top\" width=\"74\"><b>Dur\u00e9e<\/b><\/td>\n<\/tr>\n<tr>\n<td valign=\"top\" width=\"422\">\n<ol>\n<li>Tutorat<\/li>\n<\/ol>\n<ul>\n<li>Clarification de concept (Tutorat-Coaching- Mentoring)<\/li>\n<li>Concepts de l\u2019analyse transactionnelle<\/li>\n<li>Concepts de la PNL<\/li>\n<\/ul>\n<\/td>\n<td valign=\"top\" width=\"123\">Conf\u00e9rences<\/td>\n<td rowspan=\"3\" valign=\"top\" width=\"74\">15h<\/td>\n<\/tr>\n<tr>\n<td valign=\"top\" width=\"422\">\n<ol>\n<li>Encadrement des rapports de stage et de m\u00e9moires<\/li>\n<\/ol>\n<\/td>\n<td valign=\"top\" width=\"123\">Conf\u00e9rences, ateliers<\/td>\n<\/tr>\n<tr>\n<td valign=\"top\" width=\"422\">\n<ol>\n<li>Evaluation de l\u2019enseignant et de l\u2019enseign\u00e9<\/li>\n<\/ol>\n<\/td>\n<td valign=\"top\" width=\"123\">Conf\u00e9rences<\/td>\n<\/tr>\n<tr>\n<td colspan=\"3\" valign=\"top\" width=\"619\"><b>Session VI\u00a0: Mise en application<\/b><\/td>\n<\/tr>\n<tr>\n<td valign=\"top\" width=\"422\"><b>Th\u00e8mes<\/b><\/td>\n<td valign=\"top\" width=\"123\"><b>Format<\/b><\/td>\n<td valign=\"top\" width=\"74\"><b>Dur\u00e9e<\/b><\/td>\n<\/tr>\n<tr>\n<td valign=\"top\" width=\"422\">\n<ol>\n<li>Exercices pratiques de pr\u00e9sentation de cours et TD par les apprenants<\/li>\n<\/ol>\n<\/td>\n<td valign=\"top\" width=\"123\">Ateliers<\/td>\n<td rowspan=\"2\" valign=\"top\" width=\"74\">\u00a015h<\/td>\n<\/tr>\n<tr>\n<td valign=\"top\" width=\"422\">\n<ol>\n<li>Synth\u00e8se de la formation\u00a0: Ethique universitaire<\/li>\n<\/ol>\n<\/td>\n<td valign=\"top\" width=\"123\">Conf\u00e9rences<\/td>\n<\/tr>\n<\/tbody>\n<\/table>\n<p><b><span style=\"text-decoration: underline;\">Remarque<\/span><\/b><b>\u00a0: <\/b>Pour r\u00e9ussir cette formation, il est demand\u00e9 au Vice-Recteur charg\u00e9 de la P\u00e9dagogie et de la Scolarit\u00e9 de lib\u00e9rer les apprenants pendant les heures de formation.<\/p>\n<p><b>2.3.<\/b><b>M\u00e9thodes et moyens p\u00e9dagogiques<\/b><\/p>\n<ul>\n<li>\u00a0Interactives<\/li>\n<li>\u00a0Travaux de groupes<\/li>\n<li>\u00a0Ateliers<\/li>\n<li>\u00a0DVD<\/li>\n<li>\u00a0Data Show<\/li>\n<\/ul>\n<p>2.4.<b>Dur\u00e9e\u00a0: <\/b>90 heures<\/p>\n<p><b>\u00a01.<\/b><b>E.\u00a0\u00a0\u00a0\u00a0 <\/b><b>Journ\u00e9es d\u2019\u00e9tude (23-25 Avril 2013)<\/b><\/p>\n<p>Des\u00a0 journ\u00e9es d\u2019\u00e9tudes consacr\u00e9es \u00e0 <b><i>l\u2019Impl\u00e9mentation de l\u2019Assurance Qualit\u00e9<\/i><\/b> et anim\u00e9es par Monsieur Baghdad BENSTAALI (Expert Assurance Qualit\u00e9), se sont d\u00e9roul\u00e9es du 23 au\u00a0 25 Avril 2013 \u00e0 l\u2019amphi Guelati (Campus Sidi Amar) selon le programme suivant\u00a0:<\/p>\n<p>&nbsp;<\/p>\n<table style=\"width: 100%;\" border=\"1\" cellspacing=\"0\" cellpadding=\"0\">\n<tbody>\n<tr>\n<td width=\"10%\"><b>\u00a0 Journ\u00e9e<\/b><\/td>\n<td width=\"67%\"><b>Th\u00e8mes<\/b><\/td>\n<td width=\"11%\"><b>Animateur<\/b><\/td>\n<td width=\"11%\"><b>Horaire<\/b><\/td>\n<\/tr>\n<tr>\n<td rowspan=\"4\" width=\"10%\">23 Avril 2013<\/td>\n<td width=\"67%\"><b>1. Ouverture<\/b><\/td>\n<td width=\"11%\">RAQ<\/td>\n<td width=\"11%\">09h00-9h15<\/td>\n<\/tr>\n<tr>\n<td width=\"67%\"><b>2.Sensibilisation \u00e0 l\u2019assurance qualit\u00e9<\/b><\/td>\n<td width=\"11%\">R. Khelif<\/td>\n<td width=\"11%\">09h15-10h30<\/td>\n<\/tr>\n<tr>\n<td width=\"67%\"><b>3. Comment mettre en place la d\u00e9marche qualit\u00e9 (Assurance Qualit\u00e9)<\/b> \u00e0 l\u2019Universit\u00e9 Badji Mokhtar (de l\u2019installation de la Cellule \u00e0 la fin)<\/td>\n<td width=\"11%\">R. Khelif<\/td>\n<td width=\"11%\">10h45-12h<\/td>\n<\/tr>\n<tr>\n<td width=\"67%\"><b>4. Explication du R\u00e9f\u00e9rentiel devant \u00eatre utilis\u00e9 + Crit\u00e8res + Preuves<\/b>4.1 Evaluation institutionnelle (Exemple AQI-UMED)4.2 Evaluation Programmatique (Exemple ABET)<\/td>\n<td width=\"11%\">R. KhelifB. Benstaali<\/td>\n<td width=\"11%\">12h-13h45<\/td>\n<\/tr>\n<tr>\n<td colspan=\"4\" width=\"100%\"><\/td>\n<\/tr>\n<tr>\n<td rowspan=\"2\" width=\"10%\">24 Avril 2013<\/td>\n<td width=\"67%\"><b>5. Mise \u00e0 niveau des programmes d\u2019enseignement et de formation<\/b><b><\/b>5. 1 D\u00e9finition des Objectifs Educatifs d\u2019un Programme (OEP)5. 2 D\u00e9finition des R\u00e9sultats d\u2019Apprentissage d\u2019un Programme (RAPs)5. 3 Fiche signal\u00e9tique des R\u00e9sultats d\u2019Apprentissage Modulaires (RAMs)5. 4 D\u00e9finir les RAMs et Etablir la relation RAM\/RAP\/OEP5.5 Applications<\/td>\n<td width=\"11%\">B. Benstaali<\/td>\n<td width=\"11%\">8h30-11h15<\/td>\n<\/tr>\n<tr>\n<td width=\"67%\"><b>6.\u00a0 Evaluation des crit\u00e8res de programmes\u00a0\u00a0\u00a0\u00a0\u00a0\u00a0\u00a0 <\/b><b><\/b>6. 1 Evaluation des RAMs et RAPs \/ module6. 2 Evaluation des RAPs \/ programme6. 3 Evaluation des OEPs \/ programme6. 4 Applications<\/td>\n<td width=\"11%\">B. Benstaali<\/td>\n<td width=\"11%\">11h30-13h45<\/td>\n<\/tr>\n<tr>\n<td colspan=\"4\" width=\"100%\"><\/td>\n<\/tr>\n<tr>\n<td rowspan=\"2\" width=\"10%\">25 Avril 2013<\/td>\n<td width=\"67%\">7<b>. Mise en place du processus d\u2019am\u00e9lioration continue<\/b>7. 1 D\u00e9finition d\u2019un benchmark7. 2 Identification des forces, faiblesses et d\u00e9ficiences7. 3 Impl\u00e9mentation du processus d\u2019am\u00e9lioration continue7. 4 R\u00e9sultats de la mise en \u0153uvre7. 5 Mod\u00e8le de Description D\u00e9taill\u00e9e7. 6 Applications<\/td>\n<td width=\"11%\">B. Benstaali<\/td>\n<td width=\"11%\">8h30-11h00<\/td>\n<\/tr>\n<tr>\n<td width=\"67%\"><b>8. Auto-\u00e9valuation<\/b>8.1 R\u00f4les des comit\u00e9s Facult\u00e9 et cellules d\u00e9partements8.2 Rapport d\u2019Auto- Evaluation d\u2019un programme<\/td>\n<td width=\"11%\">B. Benstaali<\/td>\n<td width=\"11%\">11h30-13h45<\/td>\n<\/tr>\n<\/tbody>\n<\/table>\n<p>1. <b>F.\u00a0\u00a0\u00a0\u00a0 <\/b><b>Ateliers\u00a0: Impl\u00e9mentation de l\u2019assurance qualit\u00e9 (19 Mai 2013)<\/b><\/p>\n<p>Pour identifier les crit\u00e8res et les preuves (du r\u00e9f\u00e9rentiel AQI-Umed) \u00e0 mettre en \u0153uvre lors d\u2019une auto-\u00e9valuation, des travaux d\u2019ateliers se sont d\u00e9roul\u00e9s le 19 Mai 2013 de 09h \u00e0 16h30.<\/p>\n<p><b>Programme<\/b><\/p>\n<p>&nbsp;<\/p>\n<table style=\"width: 1070px; height: 697px;\" border=\"1\" cellspacing=\"0\" cellpadding=\"0\">\n<tbody>\n<tr>\n<td valign=\"top\" width=\"205\"><span style=\"font-size: small;\"><b>Heure<\/b><\/span><\/td>\n<td valign=\"top\" width=\"275\"><span style=\"font-size: small;\"><b>Intitul\u00e9<\/b><\/span><\/td>\n<td valign=\"top\" width=\"134\"><span style=\"font-size: small;\"><b>Observations<\/b><\/span><\/td>\n<\/tr>\n<tr>\n<td valign=\"top\" width=\"205\"><span style=\"font-size: small;\">08h45mn- 9h30mn<\/span><\/td>\n<td valign=\"top\" width=\"275\"><span style=\"font-size: small;\">Pr\u00e9sentation des outils de travail<\/span><\/td>\n<td valign=\"top\" width=\"134\"><span style=\"font-size: small;\">Mr. Khelif<\/span><\/td>\n<\/tr>\n<tr>\n<td valign=\"top\" width=\"205\"><span style=\"font-size: small;\">9h30mn-10h45mn<\/span><\/td>\n<td valign=\"top\" width=\"275\"><span style=\"font-size: small;\">Identification des crit\u00e8res et preuves d\u2019\u00e9valuation (R\u00e9f\u00e9rentiel AQI-Umed)<\/span><\/td>\n<td valign=\"top\" width=\"134\"><span style=\"font-size: small;\">05 Ateliers<\/span><\/td>\n<\/tr>\n<tr>\n<td valign=\"top\" width=\"205\"><span style=\"font-size: small;\">10h45-11h00<\/span><\/td>\n<td valign=\"top\" width=\"275\"><span style=\"font-size: small;\">Pause-Caf\u00e9<\/span><\/td>\n<td valign=\"top\" width=\"134\"><span style=\"font-size: small;\">\u00a0<\/span><\/td>\n<\/tr>\n<tr>\n<td valign=\"top\" width=\"205\"><span style=\"font-size: small;\">11h00-12H00<\/span><\/td>\n<td valign=\"top\" width=\"275\"><span style=\"font-size: small;\">Suite Identification des crit\u00e8res et preuves<\/span><\/td>\n<td valign=\"top\" width=\"134\"><span style=\"font-size: small;\">05 ateliers<\/span><\/td>\n<\/tr>\n<tr>\n<td valign=\"top\" width=\"205\"><span style=\"font-size: small;\">12h00-13h00<\/span><\/td>\n<td valign=\"top\" width=\"275\"><span style=\"font-size: small;\">D\u00e9jeuner<\/span><\/td>\n<td valign=\"top\" width=\"134\"><span style=\"font-size: small;\">\u00a0<\/span><\/td>\n<\/tr>\n<tr>\n<td valign=\"top\" width=\"205\"><span style=\"font-size: small;\">13h15mn-14h15mn<\/span><\/td>\n<td valign=\"top\" width=\"275\"><span style=\"font-size: small;\">Suite Identification des crit\u00e8res et preuves<\/span><\/td>\n<td valign=\"top\" width=\"134\"><span style=\"font-size: small;\">\u00a0<\/span><\/td>\n<\/tr>\n<tr>\n<td valign=\"top\" width=\"205\"><span style=\"font-size: small;\">14h15mn- 15h15mn<\/span><\/td>\n<td valign=\"top\" width=\"275\"><span style=\"font-size: small;\">Validation du Syllabus propos\u00e9<\/span><\/td>\n<td valign=\"top\" width=\"134\"><span style=\"font-size: small;\">Mme Bahi<\/span><\/td>\n<\/tr>\n<tr>\n<td valign=\"top\" width=\"205\"><span style=\"font-size: small;\">15h15mn-16h00mn<\/span><\/td>\n<td valign=\"top\" width=\"275\"><span style=\"font-size: small;\">Pr\u00e9sentation d\u2019un plan d\u2019actions pour le 1<sup>er<\/sup> semestre 2013\/2014 + D\u00e9bat<\/span><\/td>\n<td valign=\"top\" width=\"134\"><span style=\"font-size: small;\">Mr. Khelif<\/span><\/td>\n<\/tr>\n<\/tbody>\n<\/table>\n<p>&nbsp;<\/p>\n<ol>\n<li><b>G.\u00a0\u00a0\u00a0 <\/b><b>Proposition d\u2019Organisation de la Cellule Qualit\u00e9 <\/b><\/li>\n<\/ol>\n<p>En plus de la cellule assurance qualit\u00e9 universit\u00e9 et la d\u00e9signation des membres de cellules qualit\u00e9 Facult\u00e9s, la cellule Qualit\u00e9 D\u00e9partement rev\u00eat une grande importance et comprend quatre groupes :<\/p>\n<p><a href=\"https:\/\/assqua.univ-annaba.dz\/wp-content\/uploads\/2014\/01\/caq.png\"><img loading=\"lazy\" decoding=\"async\" class=\"aligncenter size-medium wp-image-313\" alt=\"caq\" src=\"https:\/\/assqua.univ-annaba.dz\/wp-content\/uploads\/2014\/01\/caq-300x214.png\" width=\"300\" height=\"214\" srcset=\"https:\/\/assqua.univ-annaba.dz\/wp-content\/uploads\/2014\/01\/caq-300x214.png 300w, https:\/\/assqua.univ-annaba.dz\/wp-content\/uploads\/2014\/01\/caq.png 848w\" sizes=\"auto, (max-width: 300px) 100vw, 300px\" \/><\/a>A.\u00a0 <b><i>Le groupe Tutorat<\/i><\/b><\/p>\n<p><b>a\/ Objectif\u00a0<\/b><\/p>\n<p>Planifier, contr\u00f4ler et am\u00e9liorer le processus du tutorat et d\u2019assistance aux \u00e9tudiants.<\/p>\n<p><b>b\/ Missions:<\/b><\/p>\n<ol start=\"1\">\n<li>Planifier, contr\u00f4ler et am\u00e9liorer le processus du tutorat et d\u2019assistance aux \u00e9tudiants.<\/li>\n<li>Pr\u00e9parer un formulaire pour informer un tuteur (et par un enseignant) sur:<\/li>\n<\/ol>\n<ul>\n<li>Absences r\u00e9p\u00e9t\u00e9es<\/li>\n<li>Mauvais comportement<\/li>\n<li>Mauvaises notes, etc.<\/li>\n<\/ul>\n<ol start=\"3\">\n<li>Pr\u00e9parer un formulaire de r\u00e9ponse du tuteur (pour l\u2019enseignant)<\/li>\n<li>Faire le suivi et l\u2019analyse des donn\u00e9es recueillies<\/li>\n<li>Proposer des solutions.<\/li>\n<\/ol>\n<p><b>Remarques<\/b>\u00a0: Le tuteur peut \u00eatre un doctorat ou un Master II. (Voir Guide LMD)<\/p>\n<p><b>B. <i>Le\u00a0 Groupe Module et Examen<\/i><\/b><i><\/i><\/p>\n<p><b>B1.<\/b><b> Sous-Groupe Module<\/b><\/p>\n<p><b>a\/ Objectifs<\/b><\/p>\n<ul>\n<li>\u00a0G\u00e9rer et coordonner l\u2019enseignement\u00a0 et les \u00e9valuations des diff\u00e9rents modules.<\/li>\n<li>\u00a0Passer en revue continuellement les modules.<\/li>\n<li>\u00a0Pouvoir proposer des changements\u00a0 du curriculum.<\/li>\n<\/ul>\n<p><b>b\/Missions\u00a0:<\/b><b><\/b><\/p>\n<ol start=\"1\">\n<li>Proposer une forme de syllabus selon les normes<\/li>\n<li>Proposer un formulaire pour l\u2019\u00e9valuation d\u2019avant un examen par les repr\u00e9sentants des \u00e9tudiants et l\u2019enseignant.<\/li>\n<li>Proposer un formulaire pour l\u2019\u00e9valuation du module par tous les \u00e9tudiants concern\u00e9s (semaine 6).<\/li>\n<li>Proposer un formulaire pour l\u2019\u00e9valuation de la formation par les \u00e9tudiants sortants (semaine 9).<\/li>\n<li>Proposer un formulaire pour l\u2019\u00e9valuation de la visite des pairs (semaine 5).<\/li>\n<li>Collecter, Analyser,\u00a0 relever les\u00a0 forces et faiblesses, sugg\u00e9rer des solutions<\/li>\n<\/ol>\n<p><b>Visite des pairs\u00a0:<\/b><\/p>\n<ol start=\"1\">\n<li>Utiliser les m\u00e9thodes et les strat\u00e9gies d&rsquo;enseignement appropri\u00e9es qui font participer activement les \u00e9tudiants.<\/li>\n<li>Communiquer et interagir avec les \u00e9tudiants.<\/li>\n<li>S&rsquo;occuper de la progression intellectuelle des \u00e9tudiants.<\/li>\n<li>Respecter les \u00e9tudiants et se faire respecter.<\/li>\n<li>Incorporer le travail hors salle de cours.<\/li>\n<li>Contr\u00f4ler et am\u00e9liorer les pratiques d\u2019enseignement.<\/li>\n<\/ol>\n<p><b>B.2. <i>Sous- Groupe\u00a0 Examen <\/i><\/b><b><\/b><\/p>\n<p><b>a\/Objectifs\u00a0<\/b><\/p>\n<ul>\n<li>Planifier, contr\u00f4ler et am\u00e9liorer le processus d\u2019examination des \u00e9tudiants.<\/li>\n<li>fournir des donn\u00e9es \u00e0 analyser.<\/li>\n<\/ul>\n<p><b>b\/Missions<\/b><\/p>\n<ol start=\"1\">\n<li>Arr\u00eater la liste des examinateurs internes et externes pour chaque module<\/li>\n<li>Proposer un mod\u00e8le de feuille d\u2019examen o\u00f9 apparait\u00a0: noms et signatures du charg\u00e9 de cours et de l\u2019examinateur interne.<\/li>\n<li>Proposer un formulaire du rapport d\u2019\u00e9valuation d\u2019un examen (distribution des notes, l\u2019indice m\u00e9dian, etc.)<\/li>\n<li>Envoyer le porte-folio du module \u00e0 l\u2019examinateur externe<\/li>\n<\/ol>\n<p><b>L\u2019examinateur interne\u00a0:<\/b><\/p>\n<ol start=\"1\">\n<li>aide \u00e0 fournir des informations pour l&rsquo;examinateur externe sur le programme et le contenu de cours ;<\/li>\n<li>donne son avis sur le niveau des examens ;<\/li>\n<li>corrige d\u2019\u00e9ventuelles fautes dans le sujet.<\/li>\n<li>s\u2019assure que le mod\u00e8le de pr\u00e9sentation de l\u2019examen est conforme \u00e0 celui adopt\u00e9 par l\u2019universit\u00e9.<\/li>\n<\/ol>\n<p><i>Il est aussi responsable que l\u2019enseignant sur la clart\u00e9, le bon niveau du sujet et la r\u00e9partition des points <\/i><\/p>\n<p><b>\u00a0\u00a0\u00a0\u00a0\u00a0\u00a0\u00a0\u00a0\u00a0\u00a0 L\u2019examinateur externe\u00a0:<\/b><\/p>\n<ol start=\"1\">\n<li>aide l&rsquo;universit\u00e9\/ D\u00e9partement \u00e0 assurer et maintenir un certain niveau de son enseignement;<\/li>\n<li>aide\u00a0 l&rsquo;universit\u00e9\/ D\u00e9partement \u00e0 s&rsquo;assurer que les processus d&rsquo;\u00e9valuation sont ad\u00e9quats, et en conformit\u00e9 avec sa politique et ses r\u00e8glements.<\/li>\n<li>donne son avis sur le niveau des examens ;<\/li>\n<li>intervient \u00e0 la fin du semestre et avant l\u2019\u00e9valuation<\/li>\n<\/ol>\n<p><b>C. <i>Le Groupe\u00a0 PFE et Stage<\/i><\/b><\/p>\n<p><b>C1.<\/b><b> Sous-Groupe PFE<\/b><\/p>\n<p><b>a\/ Objectifs\u00a0:<\/b><\/p>\n<p>Planifier, contr\u00f4ler et am\u00e9liorer le processus de projets de fin d\u2019\u00e9tude et d\u2019assistance aux \u00e9tudiants de fin de cycle.<\/p>\n<p><b>\u00a0\u00a0\u00a0\u00a0\u00a0\u00a0\u00a0\u00a0\u00a0\u00a0\u00a0 b\/Missions\u00a0:<\/b><\/p>\n<ol>\n<li>Proposer\u00a0:<\/li>\n<li>Valider les propositions de sujets par le conseil scientifique<\/li>\n<li>Affecter alors\u00a0 les sujets aux \u00e9tudiants<\/li>\n<li>Organiser le bon d\u00e9roulement des soutenances<\/li>\n<li>Collecter les notes et autres donn\u00e9es<\/li>\n<li>Analyser, relever les forces et faiblesses, am\u00e9liorer.<\/li>\n<\/ol>\n<ol start=\"1\">\n<li>un formulaire de proposition de sujet du projet de fin d\u2019\u00e9tude \u00e0 remplir par l\u2019encadreur<\/li>\n<li>Un formulaire de choix de projet\u00a0 par les \u00e9tudiants (au moins 3 sujets)<\/li>\n<li>Une structure du document final du projet<\/li>\n<li>Un formulaire d\u2019\u00e9valuation du projet par l\u2019encadreur<\/li>\n<li>Un formulaire d\u2019\u00e9valuation du projet par les \u00e9valuateurs<\/li>\n<\/ol>\n<p><b>\u00a0<i>\u00a0\u00a0\u00a0\u00a0\u00a0 C2. Sous- Groupe\u00a0 Stages<\/i><\/b><\/p>\n<p><b>\u00a0\u00a0\u00a0\u00a0\u00a0\u00a0\u00a0\u00a0\u00a0\u00a0\u00a0\u00a0 a\/Objectif\u00a0:<\/b><\/p>\n<p>Planifier, coordonner, contr\u00f4ler et am\u00e9liorer le processus de stages et d\u2019assistance aux \u00e9tudiants concern\u00e9s.<\/p>\n<p><b>b\/Missions\u00a0:<\/b><\/p>\n<ol>\n<li>Proposer\u00a0:<\/li>\n<li>Valider les propositions de sujets<\/li>\n<li>Affecter alors\u00a0 les\u00a0 \u00e9tudiants<\/li>\n<li>Organiser le bon d\u00e9roulement des stages (visites inopin\u00e9es)<\/li>\n<li>Collecter les notes et autres donn\u00e9es<\/li>\n<li>Analyser, relever les\u00a0 forces et faiblesses, am\u00e9liorer.<\/li>\n<\/ol>\n<ul>\n<li>un formulaire de demande de stage par l\u2019\u00e9tudiant<\/li>\n<li>un formulaire sur le d\u00e9roulement du stage \u00e0 remplir par l\u2019entreprise concern\u00e9e<\/li>\n<li>Un formulaire de pointage sur la pr\u00e9sence de l\u2019\u00e9tudiant \u00e0 remplir par l\u2019entreprise concern\u00e9e<\/li>\n<li>un formulaire d\u2019\u00e9valuation du stage par le responsable des stages au niveau de l\u2019entreprise<\/li>\n<li>un formulaire d\u2019\u00e9valuation du stage par l\u2019encadreur\u00a0 au niveau de l\u2019universit\u00e9\/ D\u00e9partement.<\/li>\n<\/ul>\n<p><b><i>D. Le Groupe ressources<\/i><\/b><\/p>\n<p><b>\u00a0\u00a0\u00a0\u00a0\u00a0\u00a0\u00a0\u00a0\u00a0\u00a0 a\/Objectifs\u00a0:<\/b><\/p>\n<ul>\n<li>Collecter des donn\u00e9es sur toutes les ressources,<\/li>\n<li>Analyser les donn\u00e9es<\/li>\n<li>Valider les diff\u00e9rents besoins.<\/li>\n<\/ul>\n<p><b>\u00a0\u00a0\u00a0\u00a0\u00a0\u00a0\u00a0\u00a0\u00a0 b\/Missions\u00a0:<\/b><\/p>\n<ol start=\"1\">\n<li>Proposer un formulaire de visite de la biblioth\u00e8que<\/li>\n<li>Proposer un formulaire de demande de ressources \u00e9ducatives \u00e0 remplir par l\u2019enseignant et autre par l\u2019\u00e9tudiant<\/li>\n<li>Proposer un formulaire de relev\u00e9 de donn\u00e9es sur l\u2019utilisation des ressources (biblioth\u00e8ques)<\/li>\n<li>Archiver et diffuser le r\u00e8glement int\u00e9rieur (biblioth\u00e8que, salle TP, etc.<\/li>\n<li>Pr\u00e9senter un rapport sur les ressources de l\u2019universit\u00e9.<\/li>\n<\/ol>\n<ol>\n<li>Le nombre de salles et d\u2019amphith\u00e9\u00e2tres<\/li>\n<li>Le taux d\u2019occupation des salles\u00a0\/ nbr de s\u00e9ances par semaines<\/li>\n<li>Le taux d\u2019occupation des salles\/ au nombre d\u2019\u00e9tudiants par s\u00e9ance<\/li>\n<li>Mat\u00e9riel audiovisuel du d\u00e9partement, nombre de data shows, PC, etc. Leur taux d\u2019utilisation par rapport aux nombres de s\u00e9ances par semaine.<\/li>\n<li>Le fond documentaire \u00ab\u00a0Tableau\u00a0\u00bb (Discipline, Titre, Ann\u00e9e de parution, Langue, nombre d\u2019exemplaires, Taux d\u2019utilisation<\/li>\n<\/ol>\n<ol start=\"6\">\n<li>Pr\u00e9senter un rapport sur\u00a0:<\/li>\n<\/ol>\n<ol start=\"7\">\n<li>Proposer des mesures statistiques qui mettent en \u00e9vidence l\u2019utilisation de notre fond documentaire.<\/li>\n<\/ol>\n<p><b>H.\u00a0\u00a0\u00a0 <\/b><b>Programme de la cellule pour 2013-2014<\/b><\/p>\n<p>Approbation et diffusion de la politique (charte) qualit\u00e9 de l\u2019UBMA\u00a0: faite<\/p>\n<ol>\n<li>Sensibilisation du corps enseignants- corps administratif- \u00e9tudiants\u00a0;<\/li>\n<li>Application du Syllabus propos\u00e9 et unifi\u00e9 ;<\/li>\n<li>Visite des pairs (objectif\u00a0;<\/li>\n<li>Evaluation des enseignements ;<\/li>\n<li>Formation \u00e0 l\u2019audit qualit\u00e9 interne (30 Personnes)\u00a0: 05jours\u00a0;<\/li>\n<li>Pr\u00e9- Audit (F\u00e9vrier \u2013Mars 2014).<\/li>\n<\/ol>\n<p><b>I.\u00a0\u00a0\u00a0\u00a0\u00a0\u00a0 <\/b><b>Proc\u00e9dures \u00e9labor\u00e9es<\/b><\/p>\n<p>1. Document des Proc\u00e9dures mises pour la qualit\u00e9 de l\u2019enseignement\u00a0: d\u00e9crit le concept g\u00e9n\u00e9ral des proc\u00e9dures mises en place dans l\u2019universit\u00e9\u00a0;<\/p>\n<p>2. Application du r\u00e9f\u00e9rentiel d\u2019\u00e9valuation des activit\u00e9s de d\u00e9but de semestre\u00a0;<\/p>\n<p>3. Processus d\u2019\u00e9valuation des activit\u00e9s de d\u00e9but de semestre\u00a0;<\/p>\n<p>4.\u00a0 Application du r\u00e9f\u00e9rentiel d\u2019\u00e9valuation de l\u2019accueil des nouveaux\u00a0 bacheliers\u00a0;<\/p>\n<p>5. Processus d\u2019\u00e9valuation\u00a0 de l\u2019accueil des nouveaux bacheliers.<\/p>\n<p>6. Proc\u00e9dure\u00a0 audit qualit\u00e9 interne.<\/p>\n<p><b>\u00a0<\/b><b>J.\u00a0\u00a0\u00a0\u00a0\u00a0 <\/b><b>D\u00e9pliant (en arabe et en Fran\u00e7ais) sur la cellule de l\u2019assurance qualit\u00e9<\/b><\/p>\n<p>Distribu\u00e9 le 4 juillet.<\/p>\n<p><b>K.\u00a0\u00a0\u00a0 <\/b><b>Politique Qualit\u00e9 (Charte Qualit\u00e9) a \u00e9t\u00e9 approuv\u00e9e et d\u00e9clar\u00e9e le 12\/11\/21013 <\/b><\/p>\n<p>Voir un exemplaire.<\/p>\n<p><b>L.\u00a0\u00a0\u00a0\u00a0 <\/b><b>D\u00e9partements non encore repr\u00e9sent\u00e9s dans l\u2019assurance qualit\u00e9 (\u00e0 ce jour\u00a0: 21\/11\/ 2013)<\/b><\/p>\n<ul>\n<li>D\u00e9partement de physique\u00a0;<\/li>\n<li>D\u00e9partement de biochimie\u00a0;<\/li>\n<li>D\u00e9partements de math\u00e9matiques- informatique<\/li>\n<li>D\u00e9partement des sciences de la mati\u00e8re<\/li>\n<li>D\u00e9partement\u00a0 des S.T.<\/li>\n<\/ul>\n","protected":false},"excerpt":{"rendered":"<p>Bilan CA QU de l\u2019ann\u00e9e universitaire \u00a0La cellule assurance qualit\u00e9 de l\u2019universit\u00e9 a \u00e9t\u00e9 cr\u00e9\u00e9e le 14 Mai 2012. Elle est constitu\u00e9e des membres suivants\u00a0: \u00a0Mme Nacer Boubenider(Facut\u00e9 des Lettres, Sciences humaines et sociales)\u00a0: membre \u00a0Mme Naima Hamlaoui (Facut\u00e9 des Lettres, Sciences humaines et sociales)\u00a0: membre \u00a0Mme Samah Djeddi (facult\u00e9 des Sciences): membre \u00a0Mme Dalila<a class=\"moretag\" href=\"https:\/\/assqua.univ-annaba.dz\/?p=312\">&#8230; Read More<\/a><\/p>\n","protected":false},"author":4,"featured_media":0,"comment_status":"closed","ping_status":"open","sticky":false,"template":"","format":"standard","meta":{"footnotes":""},"categories":[16],"tags":[],"class_list":["post-312","post","type-post","status-publish","format-standard","hentry","category-bilan"],"_links":{"self":[{"href":"https:\/\/assqua.univ-annaba.dz\/index.php?rest_route=\/wp\/v2\/posts\/312","targetHints":{"allow":["GET"]}}],"collection":[{"href":"https:\/\/assqua.univ-annaba.dz\/index.php?rest_route=\/wp\/v2\/posts"}],"about":[{"href":"https:\/\/assqua.univ-annaba.dz\/index.php?rest_route=\/wp\/v2\/types\/post"}],"author":[{"embeddable":true,"href":"https:\/\/assqua.univ-annaba.dz\/index.php?rest_route=\/wp\/v2\/users\/4"}],"replies":[{"embeddable":true,"href":"https:\/\/assqua.univ-annaba.dz\/index.php?rest_route=%2Fwp%2Fv2%2Fcomments&post=312"}],"version-history":[{"count":24,"href":"https:\/\/assqua.univ-annaba.dz\/index.php?rest_route=\/wp\/v2\/posts\/312\/revisions"}],"predecessor-version":[{"id":371,"href":"https:\/\/assqua.univ-annaba.dz\/index.php?rest_route=\/wp\/v2\/posts\/312\/revisions\/371"}],"wp:attachment":[{"href":"https:\/\/assqua.univ-annaba.dz\/index.php?rest_route=%2Fwp%2Fv2%2Fmedia&parent=312"}],"wp:term":[{"taxonomy":"category","embeddable":true,"href":"https:\/\/assqua.univ-annaba.dz\/index.php?rest_route=%2Fwp%2Fv2%2Fcategories&post=312"},{"taxonomy":"post_tag","embeddable":true,"href":"https:\/\/assqua.univ-annaba.dz\/index.php?rest_route=%2Fwp%2Fv2%2Ftags&post=312"}],"curies":[{"name":"wp","href":"https:\/\/api.w.org\/{rel}","templated":true}]}}